{"id":219,"date":"2017-10-03T21:24:11","date_gmt":"2017-10-03T19:24:11","guid":{"rendered":"http:\/\/www.sv-elsenz.de\/?p=219"},"modified":"2017-10-03T21:24:11","modified_gmt":"2017-10-03T19:24:11","slug":"tennisclub-und-fv-gewinnen-beim-wanderpokalschiessen-2017","status":"publish","type":"post","link":"https:\/\/www.sv-elsenz.de\/?p=219","title":{"rendered":"Tennisclub und FV gewinnen beim Wanderpokalschie\u00dfen 2017"},"content":{"rendered":"<p>Der Tennisclub Elsenz bei den Damen und der FV Elsenz bei den Herren sind die Sieger beim diesj\u00e4hrigen\u00a0 Schie\u00dfen um den jeweiligen Wanderpokal. 5 Damen- und 15 Herrenmannschaften waren am Start und schossen zum Teil recht gute Ergebnisse. Bei den Damen erzielten Miriam Bulling, Petra Beyl, Julia Benz und Isabell Reimold zusammen 180 Ringe und verwiesen damit den Seriensieger der letzten Jahre, den Chor Atemlos mit 176 Ringen auf den 2. Platz. Dritte wurden \u201eDie au\u00dfergew\u00f6hnlichen Vier\u201c mit 173 Ringen.<\/p>\n<p>Ganz spannend war die Entscheidung bei den Herren. Sowohl die Mannschaft FV Elsenz I als auch SV Adelshofen III hatten als beste Serie 186 Ringe. So musste die zweite Serie entscheiden. Hier hatten Marcel Molitor, Janek Benz, Yannick Maier und Tobias Bulling zusammen 178 Ringe und damit 17 Ringe mehr als die Sch\u00fctzen des SV Adelshofen III. \u00a0Auf den 3.Platz kam die Mannschaft des Posaunenchors mit 184 Ringen.<\/p>\n<p>Der beste Einzelsch\u00fctze wurde wieder in einem spannenden Finale ermittelt. Hierf\u00fcr hatten sich die acht besten Sch\u00fctzen aus dem Mannschaftwettbewerb qualifiziert. Geschossen wurden noch einmal 10 Schuss und nach jedem Schuss wurde ausgewertet. Nach mehreren F\u00fchrungswechseln waren vor dem letzten Schuss Marcel Molitor und Belinda Doll mit 135,4 Ringen gleichauf und Tobias Oppitz nur 0,4 Ringe dahinter. Mit 9,8 Ringen beim zehnten Schuss und einem Gesamtergebnis von 145,2 Ringen wurde Belinda Doll beste Einzelsch\u00fctzin. Tobias Oppitz wurde mit nur 0,1 Ringen R\u00fcckstand zweiter vor Marcel Molitor und Thomas St\u00f6rzinger.<\/p>\n<p>Das gleichzeitig ausgetragene Preisschie\u00dfen gewann Zeljko\u00a0 Antunovic mit einem 13 Teiler vor Rolf Benz mit einem 54 Teiler und Peter Sommerfeld mit einem 55 Teiler. Acht weitere Sch\u00fctzen konnten sich an diesem Nachmittag Sachpreise aussuchen.<\/p>\n<p>Der Sch\u00fctzenverein Elsenz gratuliert den Siegern bedankt sich bei allen Teilnehmern, G\u00e4sten und Helfern.<\/p>\n","protected":false},"excerpt":{"rendered":"<p>Der Tennisclub Elsenz bei den Damen und der FV Elsenz bei den Herren sind die Sieger beim diesj\u00e4hrigen\u00a0 Schie\u00dfen um den jeweiligen Wanderpokal. 5 Damen- und 15 Herrenmannschaften waren am Start und schossen zum Teil recht gute Ergebnisse. Bei den Damen erzielten Miriam Bulling, Petra Beyl, Julia Benz und Isabell Reimold zusammen 180 Ringe und [&hellip;]<\/p>\n","protected":false},"author":2,"featured_media":0,"comment_status":"open","ping_status":"open","sticky":false,"template":"","format":"standard","meta":{"footnotes":""},"categories":[1],"tags":[],"_links":{"self":[{"href":"https:\/\/www.sv-elsenz.de\/index.php?rest_route=\/wp\/v2\/posts\/219"}],"collection":[{"href":"https:\/\/www.sv-elsenz.de\/index.php?rest_route=\/wp\/v2\/posts"}],"about":[{"href":"https:\/\/www.sv-elsenz.de\/index.php?rest_route=\/wp\/v2\/types\/post"}],"author":[{"embeddable":true,"href":"https:\/\/www.sv-elsenz.de\/index.php?rest_route=\/wp\/v2\/users\/2"}],"replies":[{"embeddable":true,"href":"https:\/\/www.sv-elsenz.de\/index.php?rest_route=%2Fwp%2Fv2%2Fcomments&post=219"}],"version-history":[{"count":1,"href":"https:\/\/www.sv-elsenz.de\/index.php?rest_route=\/wp\/v2\/posts\/219\/revisions"}],"predecessor-version":[{"id":220,"href":"https:\/\/www.sv-elsenz.de\/index.php?rest_route=\/wp\/v2\/posts\/219\/revisions\/220"}],"wp:attachment":[{"href":"https:\/\/www.sv-elsenz.de\/index.php?rest_route=%2Fwp%2Fv2%2Fmedia&parent=219"}],"wp:term":[{"taxonomy":"category","embeddable":true,"href":"https:\/\/www.sv-elsenz.de\/index.php?rest_route=%2Fwp%2Fv2%2Fcategories&post=219"},{"taxonomy":"post_tag","embeddable":true,"href":"https:\/\/www.sv-elsenz.de\/index.php?rest_route=%2Fwp%2Fv2%2Ftags&post=219"}],"curies":[{"name":"wp","href":"https:\/\/api.w.org\/{rel}","templated":true}]}}