{"id":331,"date":"2019-09-24T21:13:16","date_gmt":"2019-09-24T19:13:16","guid":{"rendered":"http:\/\/www.sv-elsenz.de\/?p=331"},"modified":"2019-09-24T21:13:16","modified_gmt":"2019-09-24T19:13:16","slug":"wanderpokal-2019","status":"publish","type":"post","link":"https:\/\/www.sv-elsenz.de\/?p=331","title":{"rendered":"Wanderpokal 2019"},"content":{"rendered":"<p><strong>Freiwillige Feuerwehr und\u201c Die Schie\u00dfhasen\u201c gewinnen beim Wanderpokalschiessen 2019<\/strong><\/p>\n<p>Mit vier Damen- und vierzehn Herrenmannschaften war die Beteiligung beim diesj\u00e4hrigen Wanderpokalschiessen der Ortsvereine und Interessengruppen sehr gut. Dabei gab es wieder spannende Wettk\u00e4mpfe mit knappen Entscheidungen.<\/p>\n<p>Bei den Damen erzielten gleich drei Mannschaften 178 Ringe in der besten Serie. Also musste die zweite Serie entscheiden. Hier hatten \u201eDie Schie\u00dfhasen\u201c 177 Ringe. Sie gewannen vor den Damen des Tennisclub II mit 169 Ringen in der zweiten Serie und vor dem DRK Elsenz mit 166 Ringen in der zweiten Serie.<\/p>\n<p>Auch bei den Herren gab es einen neuen Sieger. Die Freiwillige Feuerwehr Elsenz erzielte 186 Ringe und hatten damit vier Ringe mehr als die \u201eAlten Herren\u201c des FV Elsenz auf Platz zwei. Mit 177 Ringen belegten die Herren des Tennisclub I den 3. Platz.<\/p>\n<p>Zahlreiche Zuschauer waren beim Finale um den besten Einzelsch\u00fctzen dabei und unterst\u00fctzten und feuerten ihren Favoriten an. Zwei Sch\u00fctzen mit 50 Ringen, zwei Sch\u00fctzen mit 48 Ringen und vier Sch\u00fctzen mit 47 Ringen aus dem Mannschaftswettbewerb schossen noch einmal 10 Schuss. Nach jedem Schuss wurde ausgewertet. Laura Keller zeigte im Finale keine Schw\u00e4che und gewann mit 144,5 Ringen. Melanie Thomaier \u00a0schoss mit 94,6 Ringen das beste Finale und schob sich mit 141,6 Ringen vom 7. auf den 2. Platz vor. Dritter wurde Dieter Maier mit 141,2 Ringen. Auf den weiteren Pl\u00e4tzen folgen: Nadine St\u00f6rzinger, Heiko Thomaier, Kurt Maier, Rolf Benz und Nadine Huber.<\/p>\n<p>Das gleichzeitig ausgetragene Preisschie\u00dfen gewann Nadine Hockenberger mit einem 45 Teiler. Knapp dahinter Maurice Hettler mit einem 47 Teiler und Kurt Maier mit einem 64Teiler. Sieben weitere Sieger konnten sich an diesem Nachmittag Sachpreise aussuchen.<\/p>\n<p>Wie bereits im letzten Jahr, konnten im Rahmen des Wanderpokalschiessen Kinder und Jugendliche im Alter von 6 bis 14 Jahren mit dem Lichtgewehr schie\u00dfen. Ziel ist es Kinder und Jugendliche f\u00fcr unseren interessanten Sport zu begeistern. Jeder durfte so oft und so lange er wollte schie\u00dfen.\u00a0 Nat\u00fcrlich gab es auch eine kleine Anerkennung. Lukas Thomaier hatte den besten Treffer und durfte einen kleinen Pokal mit nach Hause nehmen. Yannik Sehle und \u00a0Jaron Limberger erhielten jeweils eine Urkunde.<\/p>\n<p>Der Sch\u00fctzenverein Elsenz gratuliert den Siegern und bedankt sich bei allen Teilnehmern, G\u00e4sten und Helfern f\u00fcr eine gelungene Veranstaltung.<a href=\"http:\/\/www.sv-elsenz.de\/wp-content\/uploads\/2019\/09\/Sieger_Lichtgewehr.jpg\"><img loading=\"lazy\" decoding=\"async\" class=\"alignnone size-medium wp-image-332\" src=\"http:\/\/www.sv-elsenz.de\/wp-content\/uploads\/2019\/09\/Sieger_Lichtgewehr-300x225.jpg\" alt=\"Sieger_Lichtgewehr\" width=\"300\" height=\"225\" srcset=\"https:\/\/www.sv-elsenz.de\/wp-content\/uploads\/2019\/09\/Sieger_Lichtgewehr-300x225.jpg 300w, https:\/\/www.sv-elsenz.de\/wp-content\/uploads\/2019\/09\/Sieger_Lichtgewehr-768x576.jpg 768w, https:\/\/www.sv-elsenz.de\/wp-content\/uploads\/2019\/09\/Sieger_Lichtgewehr-1024x768.jpg 1024w\" sizes=\"(max-width: 300px) 100vw, 300px\" \/><\/a> <a href=\"http:\/\/www.sv-elsenz.de\/wp-content\/uploads\/2019\/09\/Sieger_Wanderpokal.jpg\"><img loading=\"lazy\" decoding=\"async\" class=\"alignnone size-medium wp-image-333\" src=\"http:\/\/www.sv-elsenz.de\/wp-content\/uploads\/2019\/09\/Sieger_Wanderpokal-300x225.jpg\" alt=\"Sieger_Wanderpokal\" width=\"300\" height=\"225\" srcset=\"https:\/\/www.sv-elsenz.de\/wp-content\/uploads\/2019\/09\/Sieger_Wanderpokal-300x225.jpg 300w, https:\/\/www.sv-elsenz.de\/wp-content\/uploads\/2019\/09\/Sieger_Wanderpokal-768x576.jpg 768w, https:\/\/www.sv-elsenz.de\/wp-content\/uploads\/2019\/09\/Sieger_Wanderpokal-1024x768.jpg 1024w\" sizes=\"(max-width: 300px) 100vw, 300px\" \/><\/a><\/p>\n","protected":false},"excerpt":{"rendered":"<p>Freiwillige Feuerwehr und\u201c Die Schie\u00dfhasen\u201c gewinnen beim Wanderpokalschiessen 2019 Mit vier Damen- und vierzehn Herrenmannschaften war die Beteiligung beim diesj\u00e4hrigen Wanderpokalschiessen der Ortsvereine und Interessengruppen sehr gut. Dabei gab es wieder spannende Wettk\u00e4mpfe mit knappen Entscheidungen. Bei den Damen erzielten gleich drei Mannschaften 178 Ringe in der besten Serie. Also musste die zweite Serie entscheiden. [&hellip;]<\/p>\n","protected":false},"author":2,"featured_media":0,"comment_status":"closed","ping_status":"open","sticky":false,"template":"","format":"standard","meta":{"footnotes":""},"categories":[1],"tags":[],"_links":{"self":[{"href":"https:\/\/www.sv-elsenz.de\/index.php?rest_route=\/wp\/v2\/posts\/331"}],"collection":[{"href":"https:\/\/www.sv-elsenz.de\/index.php?rest_route=\/wp\/v2\/posts"}],"about":[{"href":"https:\/\/www.sv-elsenz.de\/index.php?rest_route=\/wp\/v2\/types\/post"}],"author":[{"embeddable":true,"href":"https:\/\/www.sv-elsenz.de\/index.php?rest_route=\/wp\/v2\/users\/2"}],"replies":[{"embeddable":true,"href":"https:\/\/www.sv-elsenz.de\/index.php?rest_route=%2Fwp%2Fv2%2Fcomments&post=331"}],"version-history":[{"count":1,"href":"https:\/\/www.sv-elsenz.de\/index.php?rest_route=\/wp\/v2\/posts\/331\/revisions"}],"predecessor-version":[{"id":334,"href":"https:\/\/www.sv-elsenz.de\/index.php?rest_route=\/wp\/v2\/posts\/331\/revisions\/334"}],"wp:attachment":[{"href":"https:\/\/www.sv-elsenz.de\/index.php?rest_route=%2Fwp%2Fv2%2Fmedia&parent=331"}],"wp:term":[{"taxonomy":"category","embeddable":true,"href":"https:\/\/www.sv-elsenz.de\/index.php?rest_route=%2Fwp%2Fv2%2Fcategories&post=331"},{"taxonomy":"post_tag","embeddable":true,"href":"https:\/\/www.sv-elsenz.de\/index.php?rest_route=%2Fwp%2Fv2%2Ftags&post=331"}],"curies":[{"name":"wp","href":"https:\/\/api.w.org\/{rel}","templated":true}]}}