{"id":336,"date":"2019-12-15T12:30:40","date_gmt":"2019-12-15T11:30:40","guid":{"rendered":"http:\/\/www.sv-elsenz.de\/?p=336"},"modified":"2019-12-15T12:30:40","modified_gmt":"2019-12-15T11:30:40","slug":"natalie-bachmann-ist-kreisschuetzenkoenigin-der-jugend","status":"publish","type":"post","link":"https:\/\/www.sv-elsenz.de\/?p=336","title":{"rendered":"Natalie Bachmann ist Kreissch\u00fctzenk\u00f6nigin der Jugend"},"content":{"rendered":"<p>Natalie Bachmann ist die neue Kreissch\u00fctzenk\u00f6nigin in der Jugendklasse 2019. Der Wettbewerb wurde im Rahmen der Kreismeisterschaften 2019 ausgetragen. Natalie hatte mit einem 7,8 Teiler den besten Schuss in der Jugendklasse. Doch damit nicht genug. In der Damenklasse schoss unsere Landessch\u00fctzenk\u00f6nigin Lisanne Horsinka einen 9,8 Teiler und wurde 1. Dame und in der Herrenklasse wurde Uwe Volz wie im Vorjahr zum 1. Ritter ausgerufen. Er schoss einen 5,3 Teiler musste damit nur ganz knapp Leonhard Weber aus Eschelbach den Vortritt lassen. Alle drei Sch\u00fctzen wurden nun beim Kreissch\u00fctzenball 2019 in Stebbach geehrt und setzen damit eine sch\u00f6ne Tradition an Kreissch\u00fctzenk\u00f6nige oder K\u00f6niginnen aus unserem Verein fort.<\/p>\n<p>Natalie Bachmann und Liv Ziegler wurden an diesem Abend f\u00fcr ihren 3. Platz bei den Landesmeisterschaften \u00a0ausgezeichnet. Ebenso Sinja Hahn, Ruth Schultheis, Annika Kurzenh\u00e4user und Soraya Kraut f\u00fcr ihren 1. Platz einen 2. Platz und einen 3. Platz bei den Landesmeisterschaften. F\u00fcr die Teilnahme an den Deutschen Meisterschaften erhielten Sarah Schendel, Ruth Schultheis, Annika Kurzenh\u00e4user und Karlheinz M\u00fcller Medaillen \u00fcberreicht.<\/p>\n<p>Herzlichen Gl\u00fcckwunsch unseren erfolgreichen Sch\u00fctzen.<a href=\"http:\/\/www.sv-elsenz.de\/wp-content\/uploads\/2019\/12\/Kreissch\u00fctzenk\u00f6nige_2019.jpg\"><img loading=\"lazy\" decoding=\"async\" class=\"alignnone size-medium wp-image-337\" src=\"http:\/\/www.sv-elsenz.de\/wp-content\/uploads\/2019\/12\/Kreissch\u00fctzenk\u00f6nige_2019-300x225.jpg\" alt=\"Kreissch\u00fctzenk\u00f6nige_2019\" width=\"300\" height=\"225\" srcset=\"https:\/\/www.sv-elsenz.de\/wp-content\/uploads\/2019\/12\/Kreissch\u00fctzenk\u00f6nige_2019-300x225.jpg 300w, https:\/\/www.sv-elsenz.de\/wp-content\/uploads\/2019\/12\/Kreissch\u00fctzenk\u00f6nige_2019-768x576.jpg 768w, https:\/\/www.sv-elsenz.de\/wp-content\/uploads\/2019\/12\/Kreissch\u00fctzenk\u00f6nige_2019-1024x768.jpg 1024w\" sizes=\"(max-width: 300px) 100vw, 300px\" \/><\/a> <a href=\"http:\/\/www.sv-elsenz.de\/wp-content\/uploads\/2019\/12\/Geehrte_Kreissch\u00fctzenball_2019.jpg\"><img loading=\"lazy\" decoding=\"async\" class=\"alignnone size-medium wp-image-338\" src=\"http:\/\/www.sv-elsenz.de\/wp-content\/uploads\/2019\/12\/Geehrte_Kreissch\u00fctzenball_2019-300x225.jpg\" alt=\"Geehrte_Kreissch\u00fctzenball_2019\" width=\"300\" height=\"225\" srcset=\"https:\/\/www.sv-elsenz.de\/wp-content\/uploads\/2019\/12\/Geehrte_Kreissch\u00fctzenball_2019-300x225.jpg 300w, https:\/\/www.sv-elsenz.de\/wp-content\/uploads\/2019\/12\/Geehrte_Kreissch\u00fctzenball_2019-768x576.jpg 768w, https:\/\/www.sv-elsenz.de\/wp-content\/uploads\/2019\/12\/Geehrte_Kreissch\u00fctzenball_2019-1024x768.jpg 1024w\" sizes=\"(max-width: 300px) 100vw, 300px\" \/><\/a><\/p>\n","protected":false},"excerpt":{"rendered":"<p>Natalie Bachmann ist die neue Kreissch\u00fctzenk\u00f6nigin in der Jugendklasse 2019. Der Wettbewerb wurde im Rahmen der Kreismeisterschaften 2019 ausgetragen. Natalie hatte mit einem 7,8 Teiler den besten Schuss in der Jugendklasse. Doch damit nicht genug. In der Damenklasse schoss unsere Landessch\u00fctzenk\u00f6nigin Lisanne Horsinka einen 9,8 Teiler und wurde 1. Dame und in der Herrenklasse wurde [&hellip;]<\/p>\n","protected":false},"author":2,"featured_media":0,"comment_status":"closed","ping_status":"open","sticky":false,"template":"","format":"standard","meta":{"footnotes":""},"categories":[1],"tags":[],"_links":{"self":[{"href":"https:\/\/www.sv-elsenz.de\/index.php?rest_route=\/wp\/v2\/posts\/336"}],"collection":[{"href":"https:\/\/www.sv-elsenz.de\/index.php?rest_route=\/wp\/v2\/posts"}],"about":[{"href":"https:\/\/www.sv-elsenz.de\/index.php?rest_route=\/wp\/v2\/types\/post"}],"author":[{"embeddable":true,"href":"https:\/\/www.sv-elsenz.de\/index.php?rest_route=\/wp\/v2\/users\/2"}],"replies":[{"embeddable":true,"href":"https:\/\/www.sv-elsenz.de\/index.php?rest_route=%2Fwp%2Fv2%2Fcomments&post=336"}],"version-history":[{"count":1,"href":"https:\/\/www.sv-elsenz.de\/index.php?rest_route=\/wp\/v2\/posts\/336\/revisions"}],"predecessor-version":[{"id":339,"href":"https:\/\/www.sv-elsenz.de\/index.php?rest_route=\/wp\/v2\/posts\/336\/revisions\/339"}],"wp:attachment":[{"href":"https:\/\/www.sv-elsenz.de\/index.php?rest_route=%2Fwp%2Fv2%2Fmedia&parent=336"}],"wp:term":[{"taxonomy":"category","embeddable":true,"href":"https:\/\/www.sv-elsenz.de\/index.php?rest_route=%2Fwp%2Fv2%2Fcategories&post=336"},{"taxonomy":"post_tag","embeddable":true,"href":"https:\/\/www.sv-elsenz.de\/index.php?rest_route=%2Fwp%2Fv2%2Ftags&post=336"}],"curies":[{"name":"wp","href":"https:\/\/api.w.org\/{rel}","templated":true}]}}