{"id":368,"date":"2020-04-13T13:43:59","date_gmt":"2020-04-13T11:43:59","guid":{"rendered":"http:\/\/www.sv-elsenz.de\/?p=368"},"modified":"2020-04-13T13:43:59","modified_gmt":"2020-04-13T11:43:59","slug":"mitgliederversammlung-2020-abgesagt","status":"publish","type":"post","link":"https:\/\/www.sv-elsenz.de\/?p=368","title":{"rendered":"Mitgliederversammlung 2020 abgesagt"},"content":{"rendered":"<p>Aufgrund des durch Corona-Pandemie weiterhin geltenden Versammlungsverbots wird unsere f\u00fcr Freitag den 17.04.2020 anberaumte Mitgliederversammlung abgesagt. \u00dcber einen m\u00f6glichen Folgetermin werden wir an diese Stelle informieren.<\/p>\n","protected":false},"excerpt":{"rendered":"<p>Aufgrund des durch Corona-Pandemie weiterhin geltenden Versammlungsverbots wird unsere f\u00fcr Freitag den 17.04.2020 anberaumte Mitgliederversammlung abgesagt. \u00dcber einen m\u00f6glichen Folgetermin werden wir an diese Stelle informieren.<\/p>\n","protected":false},"author":2,"featured_media":0,"comment_status":"closed","ping_status":"open","sticky":false,"template":"","format":"standard","meta":{"footnotes":""},"categories":[1],"tags":[],"_links":{"self":[{"href":"https:\/\/www.sv-elsenz.de\/index.php?rest_route=\/wp\/v2\/posts\/368"}],"collection":[{"href":"https:\/\/www.sv-elsenz.de\/index.php?rest_route=\/wp\/v2\/posts"}],"about":[{"href":"https:\/\/www.sv-elsenz.de\/index.php?rest_route=\/wp\/v2\/types\/post"}],"author":[{"embeddable":true,"href":"https:\/\/www.sv-elsenz.de\/index.php?rest_route=\/wp\/v2\/users\/2"}],"replies":[{"embeddable":true,"href":"https:\/\/www.sv-elsenz.de\/index.php?rest_route=%2Fwp%2Fv2%2Fcomments&post=368"}],"version-history":[{"count":1,"href":"https:\/\/www.sv-elsenz.de\/index.php?rest_route=\/wp\/v2\/posts\/368\/revisions"}],"predecessor-version":[{"id":369,"href":"https:\/\/www.sv-elsenz.de\/index.php?rest_route=\/wp\/v2\/posts\/368\/revisions\/369"}],"wp:attachment":[{"href":"https:\/\/www.sv-elsenz.de\/index.php?rest_route=%2Fwp%2Fv2%2Fmedia&parent=368"}],"wp:term":[{"taxonomy":"category","embeddable":true,"href":"https:\/\/www.sv-elsenz.de\/index.php?rest_route=%2Fwp%2Fv2%2Fcategories&post=368"},{"taxonomy":"post_tag","embeddable":true,"href":"https:\/\/www.sv-elsenz.de\/index.php?rest_route=%2Fwp%2Fv2%2Ftags&post=368"}],"curies":[{"name":"wp","href":"https:\/\/api.w.org\/{rel}","templated":true}]}}