{"id":386,"date":"2020-10-19T18:35:04","date_gmt":"2020-10-19T16:35:04","guid":{"rendered":"http:\/\/www.sv-elsenz.de\/?p=386"},"modified":"2020-10-19T18:35:04","modified_gmt":"2020-10-19T16:35:04","slug":"mitgliederversammlung-2020-2","status":"publish","type":"post","link":"https:\/\/www.sv-elsenz.de\/?p=386","title":{"rendered":"Mitgliederversammlung 2020"},"content":{"rendered":"<p>Zur Mitgliederversammlung am 09.10.2020 konnte OSM Klaus Benz zahlreiche Mitglieder und einige Ehrenmitglieder willkommen hei\u00dfen. Ganz besonders begr\u00fc\u00dfte er die zahlreich erschienen Jugendlichen unseres Vereins.<\/p>\n<p>Nach dem ab Anfang M\u00e4rz bis in den Sommer 2020 keine gr\u00f6\u00dferen Versammlungen, wegen der Corona Pandemie erlaubt waren, konnte auch die Mitgliederversammlung, nicht wie in der Satzung vorgesehen, im ersten Quartal des Jahres stattfinden.<\/p>\n<p>Zu Beginn der Versammlung gedachten die Anwesenden den im Berichtszeitraum verstorbenen Mitgliedern G\u00fcnter Benz und Ehrenvorstand Max Benz, der 12 Jahre den Verein f\u00fchrte, und in dessen Amtszeit das heutige Sch\u00fctzenhaus gebaut wurde.<\/p>\n<p>In seinem Bericht erw\u00e4hnte OSM Benz die 2019 zahlreich stattgefundenen Veranstaltungen u.a. das Seefest am 6. und 7. Juli, das Wanderpokalschiessen der Ortsvereine und die Bewirtung an Kerwe, und dankte allen Helfern f\u00fcr die geleistete Arbeit.<\/p>\n<p>Durch viele Ver\u00f6ffentlichungen im Stadtanzeiger und den lokalen Zeitungen berichtet der Verein der Bev\u00f6lkerung \u00fcber die Aktivit\u00e4ten und die Erfolge unserer Sch\u00fctzen. Aktuelles gibt es auch immer auf der Homepage.<\/p>\n<p>Im Sch\u00fctzenverein wird seit Jahrzehnten eine sehr gute Jugendarbeit geleistet, \u00a0was sich in den sehr guten Ergebnissen der Jugend bei den verschiedenen Wettbewerben zeigt. Eine weitere Best\u00e4tigung, war der zweite Patz beim Anerkennungspreis f\u00fcr gute Jugendarbeit, verliehen durch den Badischen Sportsch\u00fctzenverband. Daf\u00fcr dankte OSM Klaus Benz den Jugendleitern Volker Gauderer und Michael Hockenberger recht herzlich. Der Dank ging auch an Johannes Benz und allen, die die Jugendleiter in ihrer Arbeit unterst\u00fctzen.<\/p>\n<p>Bei den AEV Wettk\u00e4mpfen waren wir mit einer Sch\u00fcler- und einer Jugendmannschaft am Start und zusammen mit dem SV Eschelbach startete eine weitere Jugendmannschaft in der Badischen Jugendliga und belegte in der Schlusstabelle den 2. Platz.<\/p>\n<p>Zum Schluss seines Berichtes erw\u00e4hnte OSM Benz noch die Teilnahme von Valentin Huber und Cayden Hahn bei den Deutschen Meisterschaften mit dem Lichtgewehr und die Qualifikation von Ruth Schultheis und Karlheinz M\u00fcller f\u00fcr die Deutschen Meisterschaften. Er gratulierte Lisanne Horsinka zum Titel der Landessch\u00fctzenk\u00f6nigin, Natalie Bachmann zur Kreissch\u00fctzenk\u00f6nigin und Uwe Volz zum 2. Platz beim Kreisk\u00f6nigschie\u00dfen 2019.<\/p>\n<p>Weiter ging es mit den Berichten vom vergangen \u00a0Jahr, die von Johannes Benz vorgelesen wurden.<\/p>\n<p>Unter TOP 1 C folgte der Bericht von Kassier Timo Schmeisser. Er konnte einen guten \u00dcberschuss in der Kasse vermelden.<\/p>\n<p>Unter TOP 2 Aussprachen zu den Berichten, erfolgte keine Wortmeldung.<\/p>\n<p>Den Bericht der Kassenpr\u00fcfer trug Reiner Neff vor. Er bescheinigte unserem Kassier eine einwandfreie Kassenf\u00fchrung.<\/p>\n<p>Die Entlastung der Vorstandschaft nahm Hans Joachim H\u00e4ffner vor. Er bedankte er sich bei der Vorstandschaft f\u00fcr ihre Arbeit, vor allem aber bei den Jugendleitern f\u00fcr ihre gute Jugendarbeit. Er lobte auch den Trainingsflei\u00df der Jugend und ermahnte sie in ihrem Eifer nicht nach zu lassen. Die Entlastung erfolgte ohne Gegenstimmen.<\/p>\n<p>Unter dem Punkt Verschiedenes gab es von OSM Klaus Benz nochmals ein dickes Lob f\u00fcr die Jugend f\u00fcr ihre flei\u00dfige Teilnahme am Training. Aber auch wenn Arbeiten anstehen sind sie mit dabei. Im Jahr 2023 wird unser Verein 100 Jahre alt, was an einem Festwochenende gefeiert werden soll. Sportleiter Klaus Benz II erl\u00e4uterte kurz, unter welchen Bedingungen die anstehenden Luftdruckwettk\u00e4mpfe, trotz Corona, sattfinden sollen.<\/p>\n<p>Nach dem keine Wortmeldungen mehr kamen, schloss OSM Klaus Benz die z\u00fcgig verlaufene Mitgliederversammlung.<\/p>\n","protected":false},"excerpt":{"rendered":"<p>Zur Mitgliederversammlung am 09.10.2020 konnte OSM Klaus Benz zahlreiche Mitglieder und einige Ehrenmitglieder willkommen hei\u00dfen. Ganz besonders begr\u00fc\u00dfte er die zahlreich erschienen Jugendlichen unseres Vereins. Nach dem ab Anfang M\u00e4rz bis in den Sommer 2020 keine gr\u00f6\u00dferen Versammlungen, wegen der Corona Pandemie erlaubt waren, konnte auch die Mitgliederversammlung, nicht wie in der Satzung vorgesehen, im [&hellip;]<\/p>\n","protected":false},"author":2,"featured_media":0,"comment_status":"closed","ping_status":"open","sticky":false,"template":"","format":"standard","meta":{"footnotes":""},"categories":[1],"tags":[],"_links":{"self":[{"href":"https:\/\/www.sv-elsenz.de\/index.php?rest_route=\/wp\/v2\/posts\/386"}],"collection":[{"href":"https:\/\/www.sv-elsenz.de\/index.php?rest_route=\/wp\/v2\/posts"}],"about":[{"href":"https:\/\/www.sv-elsenz.de\/index.php?rest_route=\/wp\/v2\/types\/post"}],"author":[{"embeddable":true,"href":"https:\/\/www.sv-elsenz.de\/index.php?rest_route=\/wp\/v2\/users\/2"}],"replies":[{"embeddable":true,"href":"https:\/\/www.sv-elsenz.de\/index.php?rest_route=%2Fwp%2Fv2%2Fcomments&post=386"}],"version-history":[{"count":1,"href":"https:\/\/www.sv-elsenz.de\/index.php?rest_route=\/wp\/v2\/posts\/386\/revisions"}],"predecessor-version":[{"id":387,"href":"https:\/\/www.sv-elsenz.de\/index.php?rest_route=\/wp\/v2\/posts\/386\/revisions\/387"}],"wp:attachment":[{"href":"https:\/\/www.sv-elsenz.de\/index.php?rest_route=%2Fwp%2Fv2%2Fmedia&parent=386"}],"wp:term":[{"taxonomy":"category","embeddable":true,"href":"https:\/\/www.sv-elsenz.de\/index.php?rest_route=%2Fwp%2Fv2%2Fcategories&post=386"},{"taxonomy":"post_tag","embeddable":true,"href":"https:\/\/www.sv-elsenz.de\/index.php?rest_route=%2Fwp%2Fv2%2Ftags&post=386"}],"curies":[{"name":"wp","href":"https:\/\/api.w.org\/{rel}","templated":true}]}}