{"id":420,"date":"2022-07-25T19:09:22","date_gmt":"2022-07-25T17:09:22","guid":{"rendered":"http:\/\/www.sv-elsenz.de\/?p=420"},"modified":"2022-07-25T19:09:22","modified_gmt":"2022-07-25T17:09:22","slug":"klaus-benz-i-erhaelt-die-landesehrennadel","status":"publish","type":"post","link":"https:\/\/www.sv-elsenz.de\/?p=420","title":{"rendered":"Klaus Benz I erh\u00e4lt die Landesehrennadel"},"content":{"rendered":"<p>Klaus war von 1972 bis 1984 Schriftf\u00fchrer und ist seit 1984 Obersch\u00fctzenmeister beim Sch\u00fctzenverein Elsenz. Beim Sportsch\u00fctzenkreis Sinsheim war er \u00fcber 30 Jahre Schatzmeister und ist seit 2016 Kreispressereferent. Doch nicht nur im Sch\u00fctzenwesen ist Kaus Benz I aktiv. Er war lange Jahre Ortschaftsrat und ist auch heute noch einer der Ersten, wenn irgendwelche Arbeiten anstehen oder Feste zu organisieren sind. Zuletzt wieder bei den Elsenzer Seetagen.<\/p>\n<p>Jetzt erhielt Klaus Benz die Ehrennadel des Landes Baden-W\u00fcrttemberg die f\u00fcr mindestens 15 Jahre ehrenamtliche T\u00e4tigkeit in Vereinen und Organisationen mit kulturellen, sportlichen oder sozialen Zielen vergeben wird.<\/p>\n<p>Im Rahmen der Feier zu seinem 70. Geburtstag \u00fcbereichte Oberb\u00fcrgermeister Klaus Holaschke, Klaus Benz I diese Auszeichnung. Eine Auszeichnung, die wie OB Holaschke in seiner Laudatio erw\u00e4hnte, nicht so oft vergeben wird.<\/p>\n<p>Bei Klaus Ehefrau Adelheid bedankte sich OB Holaschke f\u00fcr deren Verst\u00e4ndnis und die Unterst\u00fctzung ihres Mannes mit einem Blumenstrau\u00df.<\/p>\n<p>Der Sch\u00fctzenverein Elsenz gratuliert seinem \u201eOSM\u201c recht herzlich zu dieser besonderen Ehrung.<\/p>\n<p>&nbsp;<\/p>\n<p><a href=\"http:\/\/www.sv-elsenz.de\/wp-content\/uploads\/2022\/07\/20220723_200521.jpg\"><img loading=\"lazy\" decoding=\"async\" class=\"alignnone wp-image-421 size-medium\" src=\"http:\/\/www.sv-elsenz.de\/wp-content\/uploads\/2022\/07\/20220723_200521-e1658768840486-225x300.jpg\" alt=\"20220723_200521\" width=\"225\" height=\"300\" srcset=\"https:\/\/www.sv-elsenz.de\/wp-content\/uploads\/2022\/07\/20220723_200521-e1658768840486-225x300.jpg 225w, https:\/\/www.sv-elsenz.de\/wp-content\/uploads\/2022\/07\/20220723_200521-e1658768840486-768x1024.jpg 768w\" sizes=\"(max-width: 225px) 100vw, 225px\" \/><\/a><\/p>\n<p><a href=\"http:\/\/www.sv-elsenz.de\/wp-content\/uploads\/2022\/07\/20220723_200857.jpg\"><img loading=\"lazy\" decoding=\"async\" class=\"alignnone wp-image-422 size-large\" src=\"http:\/\/www.sv-elsenz.de\/wp-content\/uploads\/2022\/07\/20220723_200857-1024x768.jpg\" alt=\"20220723_200857\" width=\"474\" height=\"356\" srcset=\"https:\/\/www.sv-elsenz.de\/wp-content\/uploads\/2022\/07\/20220723_200857-1024x768.jpg 1024w, https:\/\/www.sv-elsenz.de\/wp-content\/uploads\/2022\/07\/20220723_200857-300x225.jpg 300w, https:\/\/www.sv-elsenz.de\/wp-content\/uploads\/2022\/07\/20220723_200857-768x576.jpg 768w\" sizes=\"(max-width: 474px) 100vw, 474px\" \/><\/a><\/p>\n","protected":false},"excerpt":{"rendered":"<p>Klaus war von 1972 bis 1984 Schriftf\u00fchrer und ist seit 1984 Obersch\u00fctzenmeister beim Sch\u00fctzenverein Elsenz. Beim Sportsch\u00fctzenkreis Sinsheim war er \u00fcber 30 Jahre Schatzmeister und ist seit 2016 Kreispressereferent. Doch nicht nur im Sch\u00fctzenwesen ist Kaus Benz I aktiv. Er war lange Jahre Ortschaftsrat und ist auch heute noch einer der Ersten, wenn irgendwelche Arbeiten [&hellip;]<\/p>\n","protected":false},"author":2,"featured_media":0,"comment_status":"closed","ping_status":"open","sticky":false,"template":"","format":"standard","meta":{"footnotes":""},"categories":[1],"tags":[],"_links":{"self":[{"href":"https:\/\/www.sv-elsenz.de\/index.php?rest_route=\/wp\/v2\/posts\/420"}],"collection":[{"href":"https:\/\/www.sv-elsenz.de\/index.php?rest_route=\/wp\/v2\/posts"}],"about":[{"href":"https:\/\/www.sv-elsenz.de\/index.php?rest_route=\/wp\/v2\/types\/post"}],"author":[{"embeddable":true,"href":"https:\/\/www.sv-elsenz.de\/index.php?rest_route=\/wp\/v2\/users\/2"}],"replies":[{"embeddable":true,"href":"https:\/\/www.sv-elsenz.de\/index.php?rest_route=%2Fwp%2Fv2%2Fcomments&post=420"}],"version-history":[{"count":1,"href":"https:\/\/www.sv-elsenz.de\/index.php?rest_route=\/wp\/v2\/posts\/420\/revisions"}],"predecessor-version":[{"id":423,"href":"https:\/\/www.sv-elsenz.de\/index.php?rest_route=\/wp\/v2\/posts\/420\/revisions\/423"}],"wp:attachment":[{"href":"https:\/\/www.sv-elsenz.de\/index.php?rest_route=%2Fwp%2Fv2%2Fmedia&parent=420"}],"wp:term":[{"taxonomy":"category","embeddable":true,"href":"https:\/\/www.sv-elsenz.de\/index.php?rest_route=%2Fwp%2Fv2%2Fcategories&post=420"},{"taxonomy":"post_tag","embeddable":true,"href":"https:\/\/www.sv-elsenz.de\/index.php?rest_route=%2Fwp%2Fv2%2Ftags&post=420"}],"curies":[{"name":"wp","href":"https:\/\/api.w.org\/{rel}","templated":true}]}}